{"id":1423,"date":"2026-05-22T09:16:16","date_gmt":"2026-05-22T07:16:16","guid":{"rendered":"https:\/\/rozsa.cz\/?p=1423"},"modified":"2026-05-22T09:16:16","modified_gmt":"2026-05-22T07:16:16","slug":"umela-inteligencia-vo-firmach-technologia-je-len-polovica-uspechu","status":"publish","type":"post","link":"https:\/\/rozsa.cz\/sk\/umela-inteligencia-vo-firmach-technologia-je-len-polovica-uspechu\/","title":{"rendered":"Umel\u00e1 inteligencia vo firm\u00e1ch: technol\u00f3gia je len polovica \u00faspechu"},"content":{"rendered":"\n<p class=\"wp-block-paragraph\">Umel\u00e1 inteligencia (AI) sa v posledn\u00fdch rokoch stala jednou z najdiskutovanej\u0161\u00edch technol\u00f3gi\u00ed v podnikan\u00ed. Firmy ju zav\u00e1dzaj\u00fa do procesov, aby zv\u00fd\u0161ili produktivitu, zlep\u0161ili rozhodovanie alebo automatizovali rutinn\u00e9 \u00falohy. Napriek ve\u013ek\u00fdm invest\u00edci\u00e1m v\u0161ak mnoh\u00e9 organiz\u00e1cie zis\u0165uj\u00fa, \u017ee samotn\u00e1 technol\u00f3gia nesta\u010d\u00ed.<\/p>\n\n\n\n<p class=\"wp-block-paragraph\">Skuto\u010dn\u00fdm faktorom \u00faspechu s\u00fa \u013eudia \u2013 ich schopnosti, motiv\u00e1cia a ochota sk\u00fa\u0161a\u0165 nov\u00e9 n\u00e1stroje. V\u00fdskum zameran\u00fd na zamestnancov IT firiem ukazuje, \u017ee prijatie umelej inteligencie z\u00e1vis\u00ed najm\u00e4 od troch faktorov: o\u010dak\u00e1van\u00e9ho pr\u00ednosu technol\u00f3gie, kvalitn\u00e9ho \u0161kolenia a osobnej inovat\u00edvnosti zamestnancov.<\/p>\n\n\n\n<h2 class=\"wp-block-heading\">O\u010dak\u00e1van\u00fd pr\u00ednos<\/h2>\n\n\n\n<p class=\"wp-block-paragraph\">Najd\u00f4le\u017eitej\u0161\u00edm faktorom je presved\u010denie zamestnancov, \u017ee AI zlep\u0161\u00ed ich pracovn\u00fd v\u00fdkon. Ak \u013eudia veria, \u017ee im technol\u00f3gia pom\u00f4\u017ee pracova\u0165 r\u00fdchlej\u0161ie, presnej\u0161ie alebo efekt\u00edvnej\u0161ie, s\u00fa ove\u013ea ochotnej\u0161\u00ed ju pou\u017e\u00edva\u0165. Tento jav je dobre zn\u00e1my aj z in\u00fdch technologick\u00fdch inov\u00e1ci\u00ed \u2013 nov\u00e9 n\u00e1stroje prij\u00edmame vtedy, ke\u010f vid\u00edme ich konkr\u00e9tnu hodnotu pre na\u0161u pr\u00e1cu.<\/p>\n\n\n\n<h2 class=\"wp-block-heading\">\u0160kolenia a rozvoj zru\u010dnost\u00ed<\/h2>\n\n\n\n<p class=\"wp-block-paragraph\">Druh\u00fdm ve\u013emi d\u00f4le\u017eit\u00fdm faktorom je vzdel\u00e1vanie. Zavedenie AI toti\u017e \u010dasto znamen\u00e1 aj potrebu nov\u00fdch zru\u010dnost\u00ed. Zamestnanci musia pochopi\u0165, ako technol\u00f3gia funguje, ak\u00e9 m\u00e1 mo\u017enosti a ako ju integrova\u0165 do svojej pr\u00e1ce.<\/p>\n\n\n\n<p class=\"wp-block-paragraph\">Dobr\u00e9 \u0161kolenia pritom robia viac ne\u017e len zvy\u0161uj\u00fa technick\u00e9 znalosti. Pom\u00e1haj\u00fa tie\u017e zni\u017eova\u0165 obavy z novej technol\u00f3gie a buduj\u00fa d\u00f4veru v jej pou\u017e\u00edvanie. V\u00fdskum ukazuje, \u017ee pr\u00e1ve \u0161kolenia v\u00fdrazne zvy\u0161uj\u00fa pravdepodobnos\u0165, \u017ee zamestnanci za\u010dn\u00fa AI skuto\u010dne vyu\u017e\u00edva\u0165.<\/p>\n\n\n\n<h2 class=\"wp-block-heading\">Osobn\u00e1 inovat\u00edvnos\u0165<\/h2>\n\n\n\n<p class=\"wp-block-paragraph\">Nie v\u0161etci \u013eudia reaguj\u00fa na nov\u00e9 technol\u00f3gie rovnako. Niektor\u00ed s\u00fa prirodzene zvedav\u00ed a radi experimentuj\u00fa s nov\u00fdmi n\u00e1strojmi. In\u00ed s\u00fa opatrnej\u0161\u00ed a potrebuj\u00fa viac \u010dasu, aby si na zmeny zvykli. T\u00fato vlastnos\u0165 v\u00fdskumn\u00edci ozna\u010duj\u00fa ako osobn\u00fa inovat\u00edvnos\u0165 \u2013 ochotu jednotlivca sk\u00fa\u0161a\u0165 nov\u00e9 technol\u00f3gie.<\/p>\n\n\n\n<p class=\"wp-block-paragraph\">Zamestnanci s vysokou mierou\u00a0inovat\u00edvnosti\u00a0s\u00fa \u010dasto prv\u00ed, ktor\u00ed za\u010dn\u00fa AI pou\u017e\u00edva\u0165 a h\u013eadaj\u00fa sp\u00f4soby, ako ju integrova\u0165 do pracovn\u00fdch procesov. Pr\u00e1ve t\u00edto \u201eprv\u00ed adopt\u00e9ri\u201c m\u00f4\u017eu v organiz\u00e1cii zohr\u00e1va\u0165 d\u00f4le\u017eit\u00fa \u00falohu \u2013 pom\u00e1haj\u00fa ostatn\u00fdm kolegom pochopi\u0165 v\u00fdhody technol\u00f3gie a motivuj\u00fa ich k jej vyu\u017e\u00edvaniu.<\/p>\n\n\n\n<h2 class=\"wp-block-heading\">AI ako katalyz\u00e1tor kreativity<\/h2>\n\n\n\n<p class=\"wp-block-paragraph\">Jedn\u00fdm z najzauj\u00edmavej\u0161\u00edch zisten\u00ed v\u00fdskumu je vz\u0165ah medzi pou\u017e\u00edvan\u00edm AI a inovat\u00edvnym spr\u00e1van\u00edm zamestnancov. Ke\u010f \u013eudia za\u010dn\u00fa AI akt\u00edvne vyu\u017e\u00edva\u0165, \u010dastej\u0161ie prich\u00e1dzaj\u00fa s nov\u00fdmi n\u00e1padmi, experimentuj\u00fa s r\u00f4znymi rie\u0161eniami a h\u013eadaj\u00fa efekt\u00edvnej\u0161ie sp\u00f4soby pr\u00e1ce.<\/p>\n\n\n\n<p class=\"wp-block-paragraph\">AI toti\u017e dok\u00e1\u017ee podpori\u0165 \u013eudsk\u00e9 myslenie \u2013 napr\u00edklad t\u00fdm, \u017ee poskytuje r\u00fdchle anal\u00fdzy d\u00e1t, generuje n\u00e1vrhy rie\u0161en\u00ed alebo pom\u00e1ha pri tvorbe nov\u00fdch konceptov.<\/p>\n\n\n\n<h2 class=\"wp-block-heading\">Lekcia pre mana\u017e\u00e9rov<\/h2>\n\n\n\n<p class=\"wp-block-paragraph\">Pre firmy z toho plynie jedno d\u00f4le\u017eit\u00e9 ponau\u010denie: implement\u00e1cia umelej inteligencie nie je len technologick\u00fd projekt, ale predov\u0161etk\u00fdm projekt organiza\u010dnej zmeny. Ak chc\u00fa organiz\u00e1cie z AI skuto\u010dne vy\u0165a\u017ei\u0165 jej potenci\u00e1l, musia sa zamera\u0165 nielen na samotn\u00e9 technol\u00f3gie, ale aj na rozvoj \u013eud\u00ed a firemnej kult\u00fary.<\/p>\n\n\n\n<p class=\"wp-block-paragraph\">K\u013e\u00fa\u010dov\u00e9 je investova\u0165 do kvalitn\u00fdch \u0161kolen\u00ed a systematick\u00e9ho rozvoja zru\u010dnost\u00ed zamestnancov, podporova\u0165 experimentovanie s nov\u00fdmi n\u00e1strojmi a akt\u00edvne identifikova\u0165 t\u00fdch pracovn\u00edkov, ktor\u00ed s\u00fa prirodzene otvoren\u00ed inov\u00e1ci\u00e1m a m\u00f4\u017eu sa sta\u0165 h\u00fdbate\u013emi zmien v t\u00edme. Rovnako d\u00f4le\u017eit\u00e9 je vytv\u00e1ra\u0165 prostredie, ktor\u00e9 podporuje u\u010denie, zdie\u013eanie sk\u00fasenost\u00ed a spolupr\u00e1cu.<\/p>\n\n\n\n<p class=\"wp-block-paragraph\">Ak sa firm\u00e1m podar\u00ed tieto faktory prepoji\u0165, m\u00f4\u017ee sa umel\u00e1 inteligencia sta\u0165 nielen n\u00e1strojom na zv\u00fd\u0161enie efektivity, ale aj siln\u00fdm motorom inov\u00e1ci\u00ed. Pr\u00e1ve preto bude v bud\u00facnosti \u00faspech AI vo firm\u00e1ch z\u00e1visie\u0165 menej od samotn\u00fdch algoritmov a viac od kult\u00fary u\u010denia, otvorenosti a inov\u00e1ci\u00ed.<\/p>\n\n\n\n<h3 class=\"wp-block-heading\">Cit\u00e1cia:<\/h3>\n\n\n\n<p class=\"wp-block-paragraph\">Vandana, V., Chatterjee, S., Rozsa, Z., &amp; Ferraris, A. (2026). AI adoption drivers and innovative work behaviours.&nbsp;<em>European Journal of Innovation Management<\/em>, 1\u201320.&nbsp;<a href=\"https:\/\/doi.org\/10.1108\/EJIM-03-2025-0327\">https:\/\/doi.org\/10.1108\/EJIM-03-2025-0327<\/a><\/p>\n\n\n\n<p class=\"wp-block-paragraph\"><\/p>\n","protected":false},"excerpt":{"rendered":"<p>Umel\u00e1 inteligencia (AI) sa v posledn\u00fdch rokoch stala jednou z najdiskutovanej\u0161\u00edch technol\u00f3gi\u00ed v podnikan\u00ed. Firmy ju zav\u00e1dzaj\u00fa do&#8230;<\/p>\n","protected":false},"author":1,"featured_media":1434,"comment_status":"closed","ping_status":"open","sticky":false,"template":"","format":"standard","meta":{"_kad_post_transparent":"","_kad_post_title":"","_kad_post_layout":"","_kad_post_sidebar_id":"","_kad_post_content_style":"","_kad_post_vertical_padding":"","_kad_post_feature":"","_kad_post_feature_position":"","_kad_post_header":false,"_kad_post_footer":false,"_kad_post_classname":"","footnotes":""},"categories":[22],"tags":[95,25],"class_list":["post-1423","post","type-post","status-publish","format-standard","has-post-thumbnail","hentry","category-publikacie","tag-european-journal-of-innovation-management","tag-publikacie"],"yoast_head":"<!-- This site is optimized with the Yoast SEO plugin v27.7 - https:\/\/yoast.com\/product\/yoast-seo-wordpress\/ -->\n<title>Umel\u00e1 inteligencia vo firm\u00e1ch: technol\u00f3gia je len polovica \u00faspechu - prof. PhDr. Zolt\u00e1n R\u00f3zsa, PhD.<\/title>\n<meta name=\"description\" content=\"Ako firmy \u00faspe\u0161ne zav\u00e1dzaj\u00fa umel\u00fa inteligenciu? K\u013e\u00fa\u010dom nie je len technol\u00f3gia, ale aj \u0161kolenia, inov\u00e1cie a firemn\u00e1 kult\u00fara podporuj\u00faca u\u010denie.\" \/>\n<meta name=\"robots\" content=\"noindex, follow, max-snippet:-1, max-image-preview:large, max-video-preview:-1\" \/>\n<meta property=\"og:locale\" content=\"sk_SK\" \/>\n<meta property=\"og:type\" content=\"article\" \/>\n<meta property=\"og:title\" content=\"Umel\u00e1 inteligencia vo firm\u00e1ch: technol\u00f3gia je len polovica \u00faspechu - prof. PhDr. Zolt\u00e1n R\u00f3zsa, PhD.\" \/>\n<meta property=\"og:description\" content=\"Ako firmy \u00faspe\u0161ne zav\u00e1dzaj\u00fa umel\u00fa inteligenciu? K\u013e\u00fa\u010dom nie je len technol\u00f3gia, ale aj \u0161kolenia, inov\u00e1cie a firemn\u00e1 kult\u00fara podporuj\u00faca u\u010denie.\" \/>\n<meta property=\"og:url\" content=\"https:\/\/rozsa.cz\/sk\/umela-inteligencia-vo-firmach-technologia-je-len-polovica-uspechu\/\" \/>\n<meta property=\"og:site_name\" content=\"prof. PhDr. Zolt\u00e1n R\u00f3zsa, PhD.\" \/>\n<meta property=\"article:published_time\" content=\"2026-05-22T07:16:16+00:00\" \/>\n<meta property=\"og:image\" content=\"https:\/\/rozsa.cz\/wp-content\/uploads\/2026\/03\/Umela_inteligence_ve_firmach.jpg\" \/>\n\t<meta property=\"og:image:width\" content=\"900\" \/>\n\t<meta property=\"og:image:height\" content=\"506\" \/>\n\t<meta property=\"og:image:type\" content=\"image\/jpeg\" \/>\n<meta name=\"author\" content=\"Zolt\u00e1n R\u00f3zsa\" \/>\n<meta name=\"twitter:card\" content=\"summary_large_image\" \/>\n<meta name=\"twitter:label1\" content=\"Autor\" \/>\n\t<meta name=\"twitter:data1\" content=\"Zolt\u00e1n R\u00f3zsa\" \/>\n\t<meta name=\"twitter:label2\" content=\"Predpokladan\u00fd \u010das \u010d\u00edtania\" \/>\n\t<meta name=\"twitter:data2\" content=\"3 min\u00faty\" \/>\n<script type=\"application\/ld+json\" class=\"yoast-schema-graph\">{\"@context\":\"https:\\\/\\\/schema.org\",\"@graph\":[{\"@type\":\"Article\",\"@id\":\"https:\\\/\\\/rozsa.cz\\\/sk\\\/umela-inteligencia-vo-firmach-technologia-je-len-polovica-uspechu\\\/#article\",\"isPartOf\":{\"@id\":\"https:\\\/\\\/rozsa.cz\\\/sk\\\/umela-inteligencia-vo-firmach-technologia-je-len-polovica-uspechu\\\/\"},\"author\":{\"name\":\"Zolt\u00e1n R\u00f3zsa\",\"@id\":\"https:\\\/\\\/rozsa.cz\\\/sk\\\/#\\\/schema\\\/person\\\/911fe1b2a98a9bf4c71dc811b5a7e3f3\"},\"headline\":\"Umel\u00e1 inteligencia vo firm\u00e1ch: technol\u00f3gia je len polovica \u00faspechu\",\"datePublished\":\"2026-05-22T07:16:16+00:00\",\"mainEntityOfPage\":{\"@id\":\"https:\\\/\\\/rozsa.cz\\\/sk\\\/umela-inteligencia-vo-firmach-technologia-je-len-polovica-uspechu\\\/\"},\"wordCount\":725,\"publisher\":{\"@id\":\"https:\\\/\\\/rozsa.cz\\\/sk\\\/#organization\"},\"image\":{\"@id\":\"https:\\\/\\\/rozsa.cz\\\/sk\\\/umela-inteligencia-vo-firmach-technologia-je-len-polovica-uspechu\\\/#primaryimage\"},\"thumbnailUrl\":\"https:\\\/\\\/rozsa.cz\\\/wp-content\\\/uploads\\\/2026\\\/03\\\/Umela_inteligence_ve_firmach.jpg\",\"keywords\":[\"European Journal of Innovation Management\",\"Publik\u00e1cie\"],\"articleSection\":[\"Publik\u00e1cie\"],\"inLanguage\":\"sk-SK\"},{\"@type\":\"WebPage\",\"@id\":\"https:\\\/\\\/rozsa.cz\\\/sk\\\/umela-inteligencia-vo-firmach-technologia-je-len-polovica-uspechu\\\/\",\"url\":\"https:\\\/\\\/rozsa.cz\\\/sk\\\/umela-inteligencia-vo-firmach-technologia-je-len-polovica-uspechu\\\/\",\"name\":\"Umel\u00e1 inteligencia vo firm\u00e1ch: technol\u00f3gia je len polovica \u00faspechu - prof. PhDr. Zolt\u00e1n R\u00f3zsa, PhD.\",\"isPartOf\":{\"@id\":\"https:\\\/\\\/rozsa.cz\\\/sk\\\/#website\"},\"primaryImageOfPage\":{\"@id\":\"https:\\\/\\\/rozsa.cz\\\/sk\\\/umela-inteligencia-vo-firmach-technologia-je-len-polovica-uspechu\\\/#primaryimage\"},\"image\":{\"@id\":\"https:\\\/\\\/rozsa.cz\\\/sk\\\/umela-inteligencia-vo-firmach-technologia-je-len-polovica-uspechu\\\/#primaryimage\"},\"thumbnailUrl\":\"https:\\\/\\\/rozsa.cz\\\/wp-content\\\/uploads\\\/2026\\\/03\\\/Umela_inteligence_ve_firmach.jpg\",\"datePublished\":\"2026-05-22T07:16:16+00:00\",\"description\":\"Ako firmy \u00faspe\u0161ne zav\u00e1dzaj\u00fa umel\u00fa inteligenciu? K\u013e\u00fa\u010dom nie je len technol\u00f3gia, ale aj \u0161kolenia, inov\u00e1cie a firemn\u00e1 kult\u00fara podporuj\u00faca u\u010denie.\",\"breadcrumb\":{\"@id\":\"https:\\\/\\\/rozsa.cz\\\/sk\\\/umela-inteligencia-vo-firmach-technologia-je-len-polovica-uspechu\\\/#breadcrumb\"},\"inLanguage\":\"sk-SK\",\"potentialAction\":[{\"@type\":\"ReadAction\",\"target\":[\"https:\\\/\\\/rozsa.cz\\\/sk\\\/umela-inteligencia-vo-firmach-technologia-je-len-polovica-uspechu\\\/\"]}]},{\"@type\":\"ImageObject\",\"inLanguage\":\"sk-SK\",\"@id\":\"https:\\\/\\\/rozsa.cz\\\/sk\\\/umela-inteligencia-vo-firmach-technologia-je-len-polovica-uspechu\\\/#primaryimage\",\"url\":\"https:\\\/\\\/rozsa.cz\\\/wp-content\\\/uploads\\\/2026\\\/03\\\/Umela_inteligence_ve_firmach.jpg\",\"contentUrl\":\"https:\\\/\\\/rozsa.cz\\\/wp-content\\\/uploads\\\/2026\\\/03\\\/Umela_inteligence_ve_firmach.jpg\",\"width\":900,\"height\":506},{\"@type\":\"BreadcrumbList\",\"@id\":\"https:\\\/\\\/rozsa.cz\\\/sk\\\/umela-inteligencia-vo-firmach-technologia-je-len-polovica-uspechu\\\/#breadcrumb\",\"itemListElement\":[{\"@type\":\"ListItem\",\"position\":1,\"name\":\"Dom\u016f\",\"item\":\"https:\\\/\\\/rozsa.cz\\\/sk\\\/\"},{\"@type\":\"ListItem\",\"position\":2,\"name\":\"Umel\u00e1 inteligencia vo firm\u00e1ch: technol\u00f3gia je len polovica \u00faspechu\"}]},{\"@type\":\"WebSite\",\"@id\":\"https:\\\/\\\/rozsa.cz\\\/sk\\\/#website\",\"url\":\"https:\\\/\\\/rozsa.cz\\\/sk\\\/\",\"name\":\"prof. PhDr. Zolt\u00e1n R\u00f3zsa, PhD.\",\"description\":\"\",\"publisher\":{\"@id\":\"https:\\\/\\\/rozsa.cz\\\/sk\\\/#organization\"},\"potentialAction\":[{\"@type\":\"SearchAction\",\"target\":{\"@type\":\"EntryPoint\",\"urlTemplate\":\"https:\\\/\\\/rozsa.cz\\\/sk\\\/?s={search_term_string}\"},\"query-input\":{\"@type\":\"PropertyValueSpecification\",\"valueRequired\":true,\"valueName\":\"search_term_string\"}}],\"inLanguage\":\"sk-SK\"},{\"@type\":\"Organization\",\"@id\":\"https:\\\/\\\/rozsa.cz\\\/sk\\\/#organization\",\"name\":\"prof. PhDr. Zolt\u00e1n R\u00f3zsa, PhD.\",\"url\":\"https:\\\/\\\/rozsa.cz\\\/sk\\\/\",\"logo\":{\"@type\":\"ImageObject\",\"inLanguage\":\"sk-SK\",\"@id\":\"https:\\\/\\\/rozsa.cz\\\/sk\\\/#\\\/schema\\\/logo\\\/image\\\/\",\"url\":\"https:\\\/\\\/rozsa.cz\\\/wp-content\\\/uploads\\\/2026\\\/02\\\/Asset-1.png\",\"contentUrl\":\"https:\\\/\\\/rozsa.cz\\\/wp-content\\\/uploads\\\/2026\\\/02\\\/Asset-1.png\",\"width\":234,\"height\":69,\"caption\":\"prof. PhDr. Zolt\u00e1n R\u00f3zsa, PhD.\"},\"image\":{\"@id\":\"https:\\\/\\\/rozsa.cz\\\/sk\\\/#\\\/schema\\\/logo\\\/image\\\/\"}},{\"@type\":\"Person\",\"@id\":\"https:\\\/\\\/rozsa.cz\\\/sk\\\/#\\\/schema\\\/person\\\/911fe1b2a98a9bf4c71dc811b5a7e3f3\",\"name\":\"Zolt\u00e1n R\u00f3zsa\",\"image\":{\"@type\":\"ImageObject\",\"inLanguage\":\"sk-SK\",\"@id\":\"https:\\\/\\\/secure.gravatar.com\\\/avatar\\\/562e4454e21126c7c53d5117071a166703c93aa73b51127b7e82df2a68e9074c?s=96&d=mm&r=g\",\"url\":\"https:\\\/\\\/secure.gravatar.com\\\/avatar\\\/562e4454e21126c7c53d5117071a166703c93aa73b51127b7e82df2a68e9074c?s=96&d=mm&r=g\",\"contentUrl\":\"https:\\\/\\\/secure.gravatar.com\\\/avatar\\\/562e4454e21126c7c53d5117071a166703c93aa73b51127b7e82df2a68e9074c?s=96&d=mm&r=g\",\"caption\":\"Zolt\u00e1n R\u00f3zsa\"},\"sameAs\":[\"https:\\\/\\\/rozsa.cz\"],\"url\":\"https:\\\/\\\/rozsa.cz\\\/sk\\\/author\\\/01678zr\\\/\"}]}<\/script>\n<!-- \/ Yoast SEO plugin. -->","yoast_head_json":{"title":"Umel\u00e1 inteligencia vo firm\u00e1ch: technol\u00f3gia je len polovica \u00faspechu - prof. PhDr. Zolt\u00e1n R\u00f3zsa, PhD.","description":"Ako firmy \u00faspe\u0161ne zav\u00e1dzaj\u00fa umel\u00fa inteligenciu? K\u013e\u00fa\u010dom nie je len technol\u00f3gia, ale aj \u0161kolenia, inov\u00e1cie a firemn\u00e1 kult\u00fara podporuj\u00faca u\u010denie.","robots":{"index":"noindex","follow":"follow","max-snippet":"max-snippet:-1","max-image-preview":"max-image-preview:large","max-video-preview":"max-video-preview:-1"},"og_locale":"sk_SK","og_type":"article","og_title":"Umel\u00e1 inteligencia vo firm\u00e1ch: technol\u00f3gia je len polovica \u00faspechu - prof. PhDr. Zolt\u00e1n R\u00f3zsa, PhD.","og_description":"Ako firmy \u00faspe\u0161ne zav\u00e1dzaj\u00fa umel\u00fa inteligenciu? K\u013e\u00fa\u010dom nie je len technol\u00f3gia, ale aj \u0161kolenia, inov\u00e1cie a firemn\u00e1 kult\u00fara podporuj\u00faca u\u010denie.","og_url":"https:\/\/rozsa.cz\/sk\/umela-inteligencia-vo-firmach-technologia-je-len-polovica-uspechu\/","og_site_name":"prof. PhDr. Zolt\u00e1n R\u00f3zsa, PhD.","article_published_time":"2026-05-22T07:16:16+00:00","og_image":[{"width":900,"height":506,"url":"https:\/\/rozsa.cz\/wp-content\/uploads\/2026\/03\/Umela_inteligence_ve_firmach.jpg","type":"image\/jpeg"}],"author":"Zolt\u00e1n R\u00f3zsa","twitter_card":"summary_large_image","twitter_misc":{"Autor":"Zolt\u00e1n R\u00f3zsa","Predpokladan\u00fd \u010das \u010d\u00edtania":"3 min\u00faty"},"schema":{"@context":"https:\/\/schema.org","@graph":[{"@type":"Article","@id":"https:\/\/rozsa.cz\/sk\/umela-inteligencia-vo-firmach-technologia-je-len-polovica-uspechu\/#article","isPartOf":{"@id":"https:\/\/rozsa.cz\/sk\/umela-inteligencia-vo-firmach-technologia-je-len-polovica-uspechu\/"},"author":{"name":"Zolt\u00e1n R\u00f3zsa","@id":"https:\/\/rozsa.cz\/sk\/#\/schema\/person\/911fe1b2a98a9bf4c71dc811b5a7e3f3"},"headline":"Umel\u00e1 inteligencia vo firm\u00e1ch: technol\u00f3gia je len polovica \u00faspechu","datePublished":"2026-05-22T07:16:16+00:00","mainEntityOfPage":{"@id":"https:\/\/rozsa.cz\/sk\/umela-inteligencia-vo-firmach-technologia-je-len-polovica-uspechu\/"},"wordCount":725,"publisher":{"@id":"https:\/\/rozsa.cz\/sk\/#organization"},"image":{"@id":"https:\/\/rozsa.cz\/sk\/umela-inteligencia-vo-firmach-technologia-je-len-polovica-uspechu\/#primaryimage"},"thumbnailUrl":"https:\/\/rozsa.cz\/wp-content\/uploads\/2026\/03\/Umela_inteligence_ve_firmach.jpg","keywords":["European Journal of Innovation Management","Publik\u00e1cie"],"articleSection":["Publik\u00e1cie"],"inLanguage":"sk-SK"},{"@type":"WebPage","@id":"https:\/\/rozsa.cz\/sk\/umela-inteligencia-vo-firmach-technologia-je-len-polovica-uspechu\/","url":"https:\/\/rozsa.cz\/sk\/umela-inteligencia-vo-firmach-technologia-je-len-polovica-uspechu\/","name":"Umel\u00e1 inteligencia vo firm\u00e1ch: technol\u00f3gia je len polovica \u00faspechu - prof. PhDr. Zolt\u00e1n R\u00f3zsa, PhD.","isPartOf":{"@id":"https:\/\/rozsa.cz\/sk\/#website"},"primaryImageOfPage":{"@id":"https:\/\/rozsa.cz\/sk\/umela-inteligencia-vo-firmach-technologia-je-len-polovica-uspechu\/#primaryimage"},"image":{"@id":"https:\/\/rozsa.cz\/sk\/umela-inteligencia-vo-firmach-technologia-je-len-polovica-uspechu\/#primaryimage"},"thumbnailUrl":"https:\/\/rozsa.cz\/wp-content\/uploads\/2026\/03\/Umela_inteligence_ve_firmach.jpg","datePublished":"2026-05-22T07:16:16+00:00","description":"Ako firmy \u00faspe\u0161ne zav\u00e1dzaj\u00fa umel\u00fa inteligenciu? K\u013e\u00fa\u010dom nie je len technol\u00f3gia, ale aj \u0161kolenia, inov\u00e1cie a firemn\u00e1 kult\u00fara podporuj\u00faca u\u010denie.","breadcrumb":{"@id":"https:\/\/rozsa.cz\/sk\/umela-inteligencia-vo-firmach-technologia-je-len-polovica-uspechu\/#breadcrumb"},"inLanguage":"sk-SK","potentialAction":[{"@type":"ReadAction","target":["https:\/\/rozsa.cz\/sk\/umela-inteligencia-vo-firmach-technologia-je-len-polovica-uspechu\/"]}]},{"@type":"ImageObject","inLanguage":"sk-SK","@id":"https:\/\/rozsa.cz\/sk\/umela-inteligencia-vo-firmach-technologia-je-len-polovica-uspechu\/#primaryimage","url":"https:\/\/rozsa.cz\/wp-content\/uploads\/2026\/03\/Umela_inteligence_ve_firmach.jpg","contentUrl":"https:\/\/rozsa.cz\/wp-content\/uploads\/2026\/03\/Umela_inteligence_ve_firmach.jpg","width":900,"height":506},{"@type":"BreadcrumbList","@id":"https:\/\/rozsa.cz\/sk\/umela-inteligencia-vo-firmach-technologia-je-len-polovica-uspechu\/#breadcrumb","itemListElement":[{"@type":"ListItem","position":1,"name":"Dom\u016f","item":"https:\/\/rozsa.cz\/sk\/"},{"@type":"ListItem","position":2,"name":"Umel\u00e1 inteligencia vo firm\u00e1ch: technol\u00f3gia je len polovica \u00faspechu"}]},{"@type":"WebSite","@id":"https:\/\/rozsa.cz\/sk\/#website","url":"https:\/\/rozsa.cz\/sk\/","name":"prof. PhDr. Zolt\u00e1n R\u00f3zsa, PhD.","description":"","publisher":{"@id":"https:\/\/rozsa.cz\/sk\/#organization"},"potentialAction":[{"@type":"SearchAction","target":{"@type":"EntryPoint","urlTemplate":"https:\/\/rozsa.cz\/sk\/?s={search_term_string}"},"query-input":{"@type":"PropertyValueSpecification","valueRequired":true,"valueName":"search_term_string"}}],"inLanguage":"sk-SK"},{"@type":"Organization","@id":"https:\/\/rozsa.cz\/sk\/#organization","name":"prof. PhDr. Zolt\u00e1n R\u00f3zsa, PhD.","url":"https:\/\/rozsa.cz\/sk\/","logo":{"@type":"ImageObject","inLanguage":"sk-SK","@id":"https:\/\/rozsa.cz\/sk\/#\/schema\/logo\/image\/","url":"https:\/\/rozsa.cz\/wp-content\/uploads\/2026\/02\/Asset-1.png","contentUrl":"https:\/\/rozsa.cz\/wp-content\/uploads\/2026\/02\/Asset-1.png","width":234,"height":69,"caption":"prof. PhDr. Zolt\u00e1n R\u00f3zsa, PhD."},"image":{"@id":"https:\/\/rozsa.cz\/sk\/#\/schema\/logo\/image\/"}},{"@type":"Person","@id":"https:\/\/rozsa.cz\/sk\/#\/schema\/person\/911fe1b2a98a9bf4c71dc811b5a7e3f3","name":"Zolt\u00e1n R\u00f3zsa","image":{"@type":"ImageObject","inLanguage":"sk-SK","@id":"https:\/\/secure.gravatar.com\/avatar\/562e4454e21126c7c53d5117071a166703c93aa73b51127b7e82df2a68e9074c?s=96&d=mm&r=g","url":"https:\/\/secure.gravatar.com\/avatar\/562e4454e21126c7c53d5117071a166703c93aa73b51127b7e82df2a68e9074c?s=96&d=mm&r=g","contentUrl":"https:\/\/secure.gravatar.com\/avatar\/562e4454e21126c7c53d5117071a166703c93aa73b51127b7e82df2a68e9074c?s=96&d=mm&r=g","caption":"Zolt\u00e1n R\u00f3zsa"},"sameAs":["https:\/\/rozsa.cz"],"url":"https:\/\/rozsa.cz\/sk\/author\/01678zr\/"}]}},"_links":{"self":[{"href":"https:\/\/rozsa.cz\/sk\/wp-json\/wp\/v2\/posts\/1423","targetHints":{"allow":["GET"]}}],"collection":[{"href":"https:\/\/rozsa.cz\/sk\/wp-json\/wp\/v2\/posts"}],"about":[{"href":"https:\/\/rozsa.cz\/sk\/wp-json\/wp\/v2\/types\/post"}],"author":[{"embeddable":true,"href":"https:\/\/rozsa.cz\/sk\/wp-json\/wp\/v2\/users\/1"}],"replies":[{"embeddable":true,"href":"https:\/\/rozsa.cz\/sk\/wp-json\/wp\/v2\/comments?post=1423"}],"version-history":[{"count":2,"href":"https:\/\/rozsa.cz\/sk\/wp-json\/wp\/v2\/posts\/1423\/revisions"}],"predecessor-version":[{"id":1425,"href":"https:\/\/rozsa.cz\/sk\/wp-json\/wp\/v2\/posts\/1423\/revisions\/1425"}],"wp:featuredmedia":[{"embeddable":true,"href":"https:\/\/rozsa.cz\/sk\/wp-json\/wp\/v2\/media\/1434"}],"wp:attachment":[{"href":"https:\/\/rozsa.cz\/sk\/wp-json\/wp\/v2\/media?parent=1423"}],"wp:term":[{"taxonomy":"category","embeddable":true,"href":"https:\/\/rozsa.cz\/sk\/wp-json\/wp\/v2\/categories?post=1423"},{"taxonomy":"post_tag","embeddable":true,"href":"https:\/\/rozsa.cz\/sk\/wp-json\/wp\/v2\/tags?post=1423"}],"curies":[{"name":"wp","href":"https:\/\/api.w.org\/{rel}","templated":true}]}}