{"id":106,"date":"0202-05-15T16:46:27","date_gmt":"0202-05-15T15:48:43","guid":{"rendered":"https:\/\/rozsa.cz\/?p=106"},"modified":"2026-01-18T17:03:13","modified_gmt":"2026-01-18T16:03:13","slug":"generation-z-and-privacy-on-social-media-why-they-share-despite-the-risks","status":"publish","type":"post","link":"https:\/\/rozsa.cz\/en\/generation-z-and-privacy-on-social-media-why-they-share-despite-the-risks\/","title":{"rendered":"Generation Z and Privacy on Social Media: Why They Share Despite the Risks"},"content":{"rendered":"\n<p class=\"wp-block-paragraph\">Generation Z grew up with social media as a natural part of everyday life. Sharing photos, opinions, feelings, or personal experiences is a common form of communication for them. At the same time, however, this generation is well aware of the risks associated with the collection and misuse of personal data. This tension between awareness of risks and willingness to share represents one of the most intriguing paradoxes of the digital age.<\/p>\n\n\n\n<p class=\"wp-block-paragraph\">Research shows that Generation Z\u2019s decisions about sharing personal information on social media are not random. Instead, they involve a constant weighing of benefits and risks, known as the&nbsp;<em>privacy calculus<\/em>. On the one hand, there are concerns about loss of privacy, data misuse, or loss of control over information. On the other hand, there are benefits\u2014access to free content, social recognition, a sense of belonging, and personalized content and advertising.<\/p>\n\n\n\n<p class=\"wp-block-paragraph\">An interesting finding is that attitudes toward advertising play a more important role than privacy concerns alone. When Generation Z has a more positive view of advertising and perceives it as relevant or useful, their willingness to share personal data increases. Paradoxically, even when they do not find advertising particularly appealing, they often trust it\u2014placing more trust in the content of advertisements than in the platforms on which they appear.<\/p>\n\n\n\n<p class=\"wp-block-paragraph\">A very strong factor is the influence of reference groups. In their social media behavior, Generation Z is heavily influenced by what their friends, peers, or online communities consider normal. If sharing personal information is accepted or even expected within a group, individuals tend to conform\u2014sometimes at the expense of their own privacy.<\/p>\n\n\n\n<p class=\"wp-block-paragraph\">By contrast, social anxiety and loneliness play a less significant role. Although it is often assumed that young people share more because of psychological distress or an attempt to compensate for missing offline relationships, research shows that Generation Z is generally socially integrated. Sharing on social media is therefore not a compensation for loneliness, but rather part of ordinary social interaction.<\/p>\n\n\n\n<p class=\"wp-block-paragraph\">These findings have important implications. They suggest that protecting Generation Z\u2019s privacy is not only a matter of technical settings or legislation. Social norms, platform cultures, and the way advertising is presented are equally important. If we want young people to make more informed decisions about their privacy, we need to understand how strongly their behavior is shaped by their social environment\u2014and not only by their individual attitudes.<\/p>\n\n\n\n<h4 class=\"wp-block-heading\">Citation:<\/h4>\n\n\n\n<p class=\"wp-block-paragraph\">R\u00f3zsa, Z., Feren\u010d\u00e1kov\u00e1, L., Z\u00e1mek, D., &amp; Firstov\u00e1, J. (2024). Generation Z\u2019s perception of privacy on social media: Examining the impact of personalized advertising, interpersonal relationships, reference group dynamics, social isolation, and anxiety on self-disclosure willingness.\u00a0<em>Oeconomia Copernicana<\/em>,<em>\u00a015<\/em>(1), 229\u2013266.\u00a0<a href=\"https:\/\/doi.org\/10.24136\/oc.2956\">https:\/\/doi.org\/10.24136\/oc.2956<\/a><\/p>\n\n\n\n<p class=\"wp-block-paragraph\"><\/p>\n","protected":false},"excerpt":{"rendered":"<p>Generation Z grew up with social media as a natural part of everyday life. Sharing photos, opinions, feelings,&#8230;<\/p>\n","protected":false},"author":1,"featured_media":111,"comment_status":"closed","ping_status":"open","sticky":false,"template":"","format":"standard","meta":{"_kad_post_transparent":"","_kad_post_title":"","_kad_post_layout":"","_kad_post_sidebar_id":"","_kad_post_content_style":"","_kad_post_vertical_padding":"","_kad_post_feature":"","_kad_post_feature_position":"","_kad_post_header":false,"_kad_post_footer":false,"_kad_post_classname":"","footnotes":""},"categories":[21],"tags":[48,24],"class_list":["post-106","post","type-post","status-publish","format-standard","has-post-thumbnail","hentry","category-publications","tag-oeconomia-copernicana","tag-publications"],"yoast_head":"<!-- This site is optimized with the Yoast SEO plugin v27.7 - https:\/\/yoast.com\/product\/yoast-seo-wordpress\/ -->\n<title>Generation Z and Privacy on Social Media: Why They Share Despite the Risks - Zoltan Rozsa, PhD.<\/title>\n<meta name=\"description\" content=\"Why does Generation Z share personal data on social media despite privacy concerns? An accessible look at social norms, advertising, and digital privacy.\" \/>\n<meta name=\"robots\" content=\"noindex, follow, max-snippet:-1, max-image-preview:large, max-video-preview:-1\" \/>\n<meta property=\"og:locale\" content=\"en_US\" \/>\n<meta property=\"og:type\" content=\"article\" \/>\n<meta property=\"og:title\" content=\"Generation Z and Privacy on Social Media: Why They Share Despite the Risks - Zoltan Rozsa, PhD.\" \/>\n<meta property=\"og:description\" content=\"Why does Generation Z share personal data on social media despite privacy concerns? An accessible look at social norms, advertising, and digital privacy.\" \/>\n<meta property=\"og:url\" content=\"https:\/\/rozsa.cz\/en\/generation-z-and-privacy-on-social-media-why-they-share-despite-the-risks\/\" \/>\n<meta property=\"og:site_name\" content=\"Zoltan Rozsa, PhD.\" \/>\n<meta property=\"article:published_time\" content=\"0202-05-15T15:48:43+00:00\" \/>\n<meta property=\"article:modified_time\" content=\"2026-01-18T16:03:13+00:00\" \/>\n<meta property=\"og:image\" content=\"https:\/\/rozsa.cz\/wp-content\/uploads\/0202\/05\/Generace_Z_a_soukromi_na_socialnich_sitich.jpg\" \/>\n\t<meta property=\"og:image:width\" content=\"900\" \/>\n\t<meta property=\"og:image:height\" content=\"506\" \/>\n\t<meta property=\"og:image:type\" content=\"image\/jpeg\" \/>\n<meta name=\"author\" content=\"Zolt\u00e1n R\u00f3zsa\" \/>\n<meta name=\"twitter:card\" content=\"summary_large_image\" \/>\n<meta name=\"twitter:label1\" content=\"Written by\" \/>\n\t<meta name=\"twitter:data1\" content=\"Zolt\u00e1n R\u00f3zsa\" \/>\n\t<meta name=\"twitter:label2\" content=\"Est. reading time\" \/>\n\t<meta name=\"twitter:data2\" content=\"3 minutes\" \/>\n<script type=\"application\/ld+json\" class=\"yoast-schema-graph\">{\"@context\":\"https:\\\/\\\/schema.org\",\"@graph\":[{\"@type\":\"Article\",\"@id\":\"https:\\\/\\\/rozsa.cz\\\/en\\\/generation-z-and-privacy-on-social-media-why-they-share-despite-the-risks\\\/#article\",\"isPartOf\":{\"@id\":\"https:\\\/\\\/rozsa.cz\\\/en\\\/generation-z-and-privacy-on-social-media-why-they-share-despite-the-risks\\\/\"},\"author\":{\"name\":\"Zolt\u00e1n R\u00f3zsa\",\"@id\":\"https:\\\/\\\/rozsa.cz\\\/en\\\/#\\\/schema\\\/person\\\/911fe1b2a98a9bf4c71dc811b5a7e3f3\"},\"headline\":\"Generation Z and Privacy on Social Media: Why They Share Despite the Risks\",\"datePublished\":\"0202-05-15T15:48:43+00:00\",\"dateModified\":\"2026-01-18T16:03:13+00:00\",\"mainEntityOfPage\":{\"@id\":\"https:\\\/\\\/rozsa.cz\\\/en\\\/generation-z-and-privacy-on-social-media-why-they-share-despite-the-risks\\\/\"},\"wordCount\":461,\"publisher\":{\"@id\":\"https:\\\/\\\/rozsa.cz\\\/en\\\/#organization\"},\"image\":{\"@id\":\"https:\\\/\\\/rozsa.cz\\\/en\\\/generation-z-and-privacy-on-social-media-why-they-share-despite-the-risks\\\/#primaryimage\"},\"thumbnailUrl\":\"https:\\\/\\\/rozsa.cz\\\/wp-content\\\/uploads\\\/0202\\\/05\\\/Generace_Z_a_soukromi_na_socialnich_sitich.jpg\",\"keywords\":[\"Oeconomia Copernicana\",\"Publications\"],\"articleSection\":[\"Publications\"],\"inLanguage\":\"en-US\"},{\"@type\":\"WebPage\",\"@id\":\"https:\\\/\\\/rozsa.cz\\\/en\\\/generation-z-and-privacy-on-social-media-why-they-share-despite-the-risks\\\/\",\"url\":\"https:\\\/\\\/rozsa.cz\\\/en\\\/generation-z-and-privacy-on-social-media-why-they-share-despite-the-risks\\\/\",\"name\":\"Generation Z and Privacy on Social Media: Why They Share Despite the Risks - Zoltan Rozsa, PhD.\",\"isPartOf\":{\"@id\":\"https:\\\/\\\/rozsa.cz\\\/en\\\/#website\"},\"primaryImageOfPage\":{\"@id\":\"https:\\\/\\\/rozsa.cz\\\/en\\\/generation-z-and-privacy-on-social-media-why-they-share-despite-the-risks\\\/#primaryimage\"},\"image\":{\"@id\":\"https:\\\/\\\/rozsa.cz\\\/en\\\/generation-z-and-privacy-on-social-media-why-they-share-despite-the-risks\\\/#primaryimage\"},\"thumbnailUrl\":\"https:\\\/\\\/rozsa.cz\\\/wp-content\\\/uploads\\\/0202\\\/05\\\/Generace_Z_a_soukromi_na_socialnich_sitich.jpg\",\"datePublished\":\"0202-05-15T15:48:43+00:00\",\"dateModified\":\"2026-01-18T16:03:13+00:00\",\"description\":\"Why does Generation Z share personal data on social media despite privacy concerns? An accessible look at social norms, advertising, and digital privacy.\",\"breadcrumb\":{\"@id\":\"https:\\\/\\\/rozsa.cz\\\/en\\\/generation-z-and-privacy-on-social-media-why-they-share-despite-the-risks\\\/#breadcrumb\"},\"inLanguage\":\"en-US\",\"potentialAction\":[{\"@type\":\"ReadAction\",\"target\":[\"https:\\\/\\\/rozsa.cz\\\/en\\\/generation-z-and-privacy-on-social-media-why-they-share-despite-the-risks\\\/\"]}]},{\"@type\":\"ImageObject\",\"inLanguage\":\"en-US\",\"@id\":\"https:\\\/\\\/rozsa.cz\\\/en\\\/generation-z-and-privacy-on-social-media-why-they-share-despite-the-risks\\\/#primaryimage\",\"url\":\"https:\\\/\\\/rozsa.cz\\\/wp-content\\\/uploads\\\/0202\\\/05\\\/Generace_Z_a_soukromi_na_socialnich_sitich.jpg\",\"contentUrl\":\"https:\\\/\\\/rozsa.cz\\\/wp-content\\\/uploads\\\/0202\\\/05\\\/Generace_Z_a_soukromi_na_socialnich_sitich.jpg\",\"width\":900,\"height\":506},{\"@type\":\"BreadcrumbList\",\"@id\":\"https:\\\/\\\/rozsa.cz\\\/en\\\/generation-z-and-privacy-on-social-media-why-they-share-despite-the-risks\\\/#breadcrumb\",\"itemListElement\":[{\"@type\":\"ListItem\",\"position\":1,\"name\":\"Dom\u016f\",\"item\":\"https:\\\/\\\/rozsa.cz\\\/en\\\/\"},{\"@type\":\"ListItem\",\"position\":2,\"name\":\"Generation Z and Privacy on Social Media: Why They Share Despite the Risks\"}]},{\"@type\":\"WebSite\",\"@id\":\"https:\\\/\\\/rozsa.cz\\\/en\\\/#website\",\"url\":\"https:\\\/\\\/rozsa.cz\\\/en\\\/\",\"name\":\"Zoltan Rozsa, PhD.\",\"description\":\"\",\"publisher\":{\"@id\":\"https:\\\/\\\/rozsa.cz\\\/en\\\/#organization\"},\"potentialAction\":[{\"@type\":\"SearchAction\",\"target\":{\"@type\":\"EntryPoint\",\"urlTemplate\":\"https:\\\/\\\/rozsa.cz\\\/en\\\/?s={search_term_string}\"},\"query-input\":{\"@type\":\"PropertyValueSpecification\",\"valueRequired\":true,\"valueName\":\"search_term_string\"}}],\"inLanguage\":\"en-US\"},{\"@type\":\"Organization\",\"@id\":\"https:\\\/\\\/rozsa.cz\\\/en\\\/#organization\",\"name\":\"Zoltan Rozsa, PhD.\",\"url\":\"https:\\\/\\\/rozsa.cz\\\/en\\\/\",\"logo\":{\"@type\":\"ImageObject\",\"inLanguage\":\"en-US\",\"@id\":\"https:\\\/\\\/rozsa.cz\\\/en\\\/#\\\/schema\\\/logo\\\/image\\\/\",\"url\":\"https:\\\/\\\/rozsa.cz\\\/wp-content\\\/uploads\\\/2026\\\/02\\\/Asset-1.png\",\"contentUrl\":\"https:\\\/\\\/rozsa.cz\\\/wp-content\\\/uploads\\\/2026\\\/02\\\/Asset-1.png\",\"width\":234,\"height\":69,\"caption\":\"Zoltan Rozsa, PhD.\"},\"image\":{\"@id\":\"https:\\\/\\\/rozsa.cz\\\/en\\\/#\\\/schema\\\/logo\\\/image\\\/\"}},{\"@type\":\"Person\",\"@id\":\"https:\\\/\\\/rozsa.cz\\\/en\\\/#\\\/schema\\\/person\\\/911fe1b2a98a9bf4c71dc811b5a7e3f3\",\"name\":\"Zolt\u00e1n R\u00f3zsa\",\"image\":{\"@type\":\"ImageObject\",\"inLanguage\":\"en-US\",\"@id\":\"https:\\\/\\\/secure.gravatar.com\\\/avatar\\\/562e4454e21126c7c53d5117071a166703c93aa73b51127b7e82df2a68e9074c?s=96&d=mm&r=g\",\"url\":\"https:\\\/\\\/secure.gravatar.com\\\/avatar\\\/562e4454e21126c7c53d5117071a166703c93aa73b51127b7e82df2a68e9074c?s=96&d=mm&r=g\",\"contentUrl\":\"https:\\\/\\\/secure.gravatar.com\\\/avatar\\\/562e4454e21126c7c53d5117071a166703c93aa73b51127b7e82df2a68e9074c?s=96&d=mm&r=g\",\"caption\":\"Zolt\u00e1n R\u00f3zsa\"},\"sameAs\":[\"https:\\\/\\\/rozsa.cz\"],\"url\":\"https:\\\/\\\/rozsa.cz\\\/en\\\/author\\\/01678zr\\\/\"}]}<\/script>\n<!-- \/ Yoast SEO plugin. -->","yoast_head_json":{"title":"Generation Z and Privacy on Social Media: Why They Share Despite the Risks - Zoltan Rozsa, PhD.","description":"Why does Generation Z share personal data on social media despite privacy concerns? An accessible look at social norms, advertising, and digital privacy.","robots":{"index":"noindex","follow":"follow","max-snippet":"max-snippet:-1","max-image-preview":"max-image-preview:large","max-video-preview":"max-video-preview:-1"},"og_locale":"en_US","og_type":"article","og_title":"Generation Z and Privacy on Social Media: Why They Share Despite the Risks - Zoltan Rozsa, PhD.","og_description":"Why does Generation Z share personal data on social media despite privacy concerns? An accessible look at social norms, advertising, and digital privacy.","og_url":"https:\/\/rozsa.cz\/en\/generation-z-and-privacy-on-social-media-why-they-share-despite-the-risks\/","og_site_name":"Zoltan Rozsa, PhD.","article_published_time":"0202-05-15T15:48:43+00:00","article_modified_time":"2026-01-18T16:03:13+00:00","og_image":[{"width":900,"height":506,"url":"https:\/\/rozsa.cz\/wp-content\/uploads\/0202\/05\/Generace_Z_a_soukromi_na_socialnich_sitich.jpg","type":"image\/jpeg"}],"author":"Zolt\u00e1n R\u00f3zsa","twitter_card":"summary_large_image","twitter_misc":{"Written by":"Zolt\u00e1n R\u00f3zsa","Est. reading time":"3 minutes"},"schema":{"@context":"https:\/\/schema.org","@graph":[{"@type":"Article","@id":"https:\/\/rozsa.cz\/en\/generation-z-and-privacy-on-social-media-why-they-share-despite-the-risks\/#article","isPartOf":{"@id":"https:\/\/rozsa.cz\/en\/generation-z-and-privacy-on-social-media-why-they-share-despite-the-risks\/"},"author":{"name":"Zolt\u00e1n R\u00f3zsa","@id":"https:\/\/rozsa.cz\/en\/#\/schema\/person\/911fe1b2a98a9bf4c71dc811b5a7e3f3"},"headline":"Generation Z and Privacy on Social Media: Why They Share Despite the Risks","datePublished":"0202-05-15T15:48:43+00:00","dateModified":"2026-01-18T16:03:13+00:00","mainEntityOfPage":{"@id":"https:\/\/rozsa.cz\/en\/generation-z-and-privacy-on-social-media-why-they-share-despite-the-risks\/"},"wordCount":461,"publisher":{"@id":"https:\/\/rozsa.cz\/en\/#organization"},"image":{"@id":"https:\/\/rozsa.cz\/en\/generation-z-and-privacy-on-social-media-why-they-share-despite-the-risks\/#primaryimage"},"thumbnailUrl":"https:\/\/rozsa.cz\/wp-content\/uploads\/0202\/05\/Generace_Z_a_soukromi_na_socialnich_sitich.jpg","keywords":["Oeconomia Copernicana","Publications"],"articleSection":["Publications"],"inLanguage":"en-US"},{"@type":"WebPage","@id":"https:\/\/rozsa.cz\/en\/generation-z-and-privacy-on-social-media-why-they-share-despite-the-risks\/","url":"https:\/\/rozsa.cz\/en\/generation-z-and-privacy-on-social-media-why-they-share-despite-the-risks\/","name":"Generation Z and Privacy on Social Media: Why They Share Despite the Risks - Zoltan Rozsa, PhD.","isPartOf":{"@id":"https:\/\/rozsa.cz\/en\/#website"},"primaryImageOfPage":{"@id":"https:\/\/rozsa.cz\/en\/generation-z-and-privacy-on-social-media-why-they-share-despite-the-risks\/#primaryimage"},"image":{"@id":"https:\/\/rozsa.cz\/en\/generation-z-and-privacy-on-social-media-why-they-share-despite-the-risks\/#primaryimage"},"thumbnailUrl":"https:\/\/rozsa.cz\/wp-content\/uploads\/0202\/05\/Generace_Z_a_soukromi_na_socialnich_sitich.jpg","datePublished":"0202-05-15T15:48:43+00:00","dateModified":"2026-01-18T16:03:13+00:00","description":"Why does Generation Z share personal data on social media despite privacy concerns? An accessible look at social norms, advertising, and digital privacy.","breadcrumb":{"@id":"https:\/\/rozsa.cz\/en\/generation-z-and-privacy-on-social-media-why-they-share-despite-the-risks\/#breadcrumb"},"inLanguage":"en-US","potentialAction":[{"@type":"ReadAction","target":["https:\/\/rozsa.cz\/en\/generation-z-and-privacy-on-social-media-why-they-share-despite-the-risks\/"]}]},{"@type":"ImageObject","inLanguage":"en-US","@id":"https:\/\/rozsa.cz\/en\/generation-z-and-privacy-on-social-media-why-they-share-despite-the-risks\/#primaryimage","url":"https:\/\/rozsa.cz\/wp-content\/uploads\/0202\/05\/Generace_Z_a_soukromi_na_socialnich_sitich.jpg","contentUrl":"https:\/\/rozsa.cz\/wp-content\/uploads\/0202\/05\/Generace_Z_a_soukromi_na_socialnich_sitich.jpg","width":900,"height":506},{"@type":"BreadcrumbList","@id":"https:\/\/rozsa.cz\/en\/generation-z-and-privacy-on-social-media-why-they-share-despite-the-risks\/#breadcrumb","itemListElement":[{"@type":"ListItem","position":1,"name":"Dom\u016f","item":"https:\/\/rozsa.cz\/en\/"},{"@type":"ListItem","position":2,"name":"Generation Z and Privacy on Social Media: Why They Share Despite the Risks"}]},{"@type":"WebSite","@id":"https:\/\/rozsa.cz\/en\/#website","url":"https:\/\/rozsa.cz\/en\/","name":"Zoltan Rozsa, PhD.","description":"","publisher":{"@id":"https:\/\/rozsa.cz\/en\/#organization"},"potentialAction":[{"@type":"SearchAction","target":{"@type":"EntryPoint","urlTemplate":"https:\/\/rozsa.cz\/en\/?s={search_term_string}"},"query-input":{"@type":"PropertyValueSpecification","valueRequired":true,"valueName":"search_term_string"}}],"inLanguage":"en-US"},{"@type":"Organization","@id":"https:\/\/rozsa.cz\/en\/#organization","name":"Zoltan Rozsa, PhD.","url":"https:\/\/rozsa.cz\/en\/","logo":{"@type":"ImageObject","inLanguage":"en-US","@id":"https:\/\/rozsa.cz\/en\/#\/schema\/logo\/image\/","url":"https:\/\/rozsa.cz\/wp-content\/uploads\/2026\/02\/Asset-1.png","contentUrl":"https:\/\/rozsa.cz\/wp-content\/uploads\/2026\/02\/Asset-1.png","width":234,"height":69,"caption":"Zoltan Rozsa, PhD."},"image":{"@id":"https:\/\/rozsa.cz\/en\/#\/schema\/logo\/image\/"}},{"@type":"Person","@id":"https:\/\/rozsa.cz\/en\/#\/schema\/person\/911fe1b2a98a9bf4c71dc811b5a7e3f3","name":"Zolt\u00e1n R\u00f3zsa","image":{"@type":"ImageObject","inLanguage":"en-US","@id":"https:\/\/secure.gravatar.com\/avatar\/562e4454e21126c7c53d5117071a166703c93aa73b51127b7e82df2a68e9074c?s=96&d=mm&r=g","url":"https:\/\/secure.gravatar.com\/avatar\/562e4454e21126c7c53d5117071a166703c93aa73b51127b7e82df2a68e9074c?s=96&d=mm&r=g","contentUrl":"https:\/\/secure.gravatar.com\/avatar\/562e4454e21126c7c53d5117071a166703c93aa73b51127b7e82df2a68e9074c?s=96&d=mm&r=g","caption":"Zolt\u00e1n R\u00f3zsa"},"sameAs":["https:\/\/rozsa.cz"],"url":"https:\/\/rozsa.cz\/en\/author\/01678zr\/"}]}},"_links":{"self":[{"href":"https:\/\/rozsa.cz\/en\/wp-json\/wp\/v2\/posts\/106","targetHints":{"allow":["GET"]}}],"collection":[{"href":"https:\/\/rozsa.cz\/en\/wp-json\/wp\/v2\/posts"}],"about":[{"href":"https:\/\/rozsa.cz\/en\/wp-json\/wp\/v2\/types\/post"}],"author":[{"embeddable":true,"href":"https:\/\/rozsa.cz\/en\/wp-json\/wp\/v2\/users\/1"}],"replies":[{"embeddable":true,"href":"https:\/\/rozsa.cz\/en\/wp-json\/wp\/v2\/comments?post=106"}],"version-history":[{"count":1,"href":"https:\/\/rozsa.cz\/en\/wp-json\/wp\/v2\/posts\/106\/revisions"}],"predecessor-version":[{"id":107,"href":"https:\/\/rozsa.cz\/en\/wp-json\/wp\/v2\/posts\/106\/revisions\/107"}],"wp:featuredmedia":[{"embeddable":true,"href":"https:\/\/rozsa.cz\/en\/wp-json\/wp\/v2\/media\/111"}],"wp:attachment":[{"href":"https:\/\/rozsa.cz\/en\/wp-json\/wp\/v2\/media?parent=106"}],"wp:term":[{"taxonomy":"category","embeddable":true,"href":"https:\/\/rozsa.cz\/en\/wp-json\/wp\/v2\/categories?post=106"},{"taxonomy":"post_tag","embeddable":true,"href":"https:\/\/rozsa.cz\/en\/wp-json\/wp\/v2\/tags?post=106"}],"curies":[{"name":"wp","href":"https:\/\/api.w.org\/{rel}","templated":true}]}}